{"id":1209,"date":"2022-06-18T12:04:35","date_gmt":"2022-06-18T10:04:35","guid":{"rendered":"https:\/\/upwavre.be\/up\/?p=1209"},"modified":"2023-08-22T14:31:30","modified_gmt":"2023-08-22T12:31:30","slug":"fete-de-merci-a-jean-louis-lienard","status":"publish","type":"post","link":"https:\/\/upwavre.be\/up\/2022\/06\/18\/fete-de-merci-a-jean-louis-lienard\/","title":{"rendered":"F\u00eate de Merci \u00e0 Jean-Louis Li\u00e9nard"},"content":{"rendered":"\n<p>Doyen de Wavre<br>Cur\u00e9 des paroisses Saint-Jean-Baptiste et Saint-Antoine<br>Pr\u00eatre responsable de notre Unit\u00e9 Paroissiale<\/p>\n\n\n\n<p style=\"font-size:12px\">Jean-Louis nous quitte apr\u00e8s 13 ans de pr\u00e9sence \u00e0 Wavre pour prendre une retraite bien m\u00e9rit\u00e9e, \u00e0 cette occasion, mais \u00e9galement pour f\u00eater ses 75 ans d&#8217;\u00e2ge et les 50 ans de son ordination sacerdotale, la paroisse invite cordialement tous ses amis \u00e0 la messe d&#8217;action de gr\u00e2ces du dimanche <strong>04 septembre 2022 \u00e0 11h00<\/strong> \u00e0 l&#8217;\u00e9glise Saint-Jean-Baptiste. Cette c\u00e9l\u00e9bration sera suivie de quelques mots de remerciements, puis d&#8217;un ap\u00e9ritif public servi sur la place de la Cure et enfin pour ceux qui le souhaitent d&#8217;un repas &#8220;auberge espagnole&#8221; servi \u00e9galement sur la place. <\/p>\n\n\n\n<p style=\"font-size:12px\">(<a href=\"https:\/\/forms.office.com\/pages\/responsepage.aspx?id=DQSIkWdsW0yxEjajBLZtrQAAAAAAAAAAAAN__sRCI0FUNjFaQTRLREVBMzhSSkIzOTZHMFUwVkZBSy4u\" data-type=\"URL\" data-id=\"https:\/\/forms.office.com\/pages\/responsepage.aspx?id=DQSIkWdsW0yxEjajBLZtrQAAAAAAAAAAAAN__sRCI0FUNjFaQTRLREVBMzhSSkIzOTZHMFUwVkZBSy4u\" target=\"_blank\" rel=\"noreferrer noopener\">participation au repas sur inscription via ce lien<\/a>)<\/p>\n\n\n\n<div class=\"wp-block-columns is-layout-flex wp-container-core-columns-is-layout-9d6595d7 wp-block-columns-is-layout-flex\">\n<div class=\"wp-block-column is-layout-flow wp-block-column-is-layout-flow\">\n<figure class=\"wp-block-image size-full\"><img loading=\"lazy\" decoding=\"async\" width=\"768\" height=\"768\" src=\"https:\/\/upwavre.be\/up\/wp-content\/uploads\/2022\/06\/P1120602-edited.jpg\" alt=\"\" class=\"wp-image-1212\" srcset=\"https:\/\/upwavre.be\/up\/wp-content\/uploads\/2022\/06\/P1120602-edited.jpg 768w, https:\/\/upwavre.be\/up\/wp-content\/uploads\/2022\/06\/P1120602-edited-300x300.jpg 300w, https:\/\/upwavre.be\/up\/wp-content\/uploads\/2022\/06\/P1120602-edited-150x150.jpg 150w, https:\/\/upwavre.be\/up\/wp-content\/uploads\/2022\/06\/P1120602-edited-204x204.jpg 204w, https:\/\/upwavre.be\/up\/wp-content\/uploads\/2022\/06\/P1120602-edited-166x166.jpg 166w, https:\/\/upwavre.be\/up\/wp-content\/uploads\/2022\/06\/P1120602-edited-524x524.jpg 524w\" sizes=\"auto, (max-width: 768px) 100vw, 768px\" \/><\/figure>\n<\/div>\n\n\n\n<div class=\"wp-block-column is-layout-flow wp-block-column-is-layout-flow\">\n<figure class=\"wp-block-image size-large is-resized\"><img loading=\"lazy\" decoding=\"async\" src=\"https:\/\/upwavre.be\/up\/wp-content\/uploads\/2022\/06\/20220520-flyer-JLL-v2-726x1024.jpg\" alt=\"\" class=\"wp-image-1211\" style=\"width:365px;height:514px\" width=\"365\" height=\"514\" srcset=\"https:\/\/upwavre.be\/up\/wp-content\/uploads\/2022\/06\/20220520-flyer-JLL-v2-726x1024.jpg 726w, https:\/\/upwavre.be\/up\/wp-content\/uploads\/2022\/06\/20220520-flyer-JLL-v2-213x300.jpg 213w, https:\/\/upwavre.be\/up\/wp-content\/uploads\/2022\/06\/20220520-flyer-JLL-v2-768x1083.jpg 768w, https:\/\/upwavre.be\/up\/wp-content\/uploads\/2022\/06\/20220520-flyer-JLL-v2-1090x1536.jpg 1090w, https:\/\/upwavre.be\/up\/wp-content\/uploads\/2022\/06\/20220520-flyer-JLL-v2.jpg 1240w\" sizes=\"auto, (max-width: 365px) 100vw, 365px\" \/><\/figure>\n<\/div>\n<\/div>\n","protected":false},"excerpt":{"rendered":"<p>Doyen de WavreCur\u00e9 des paroisses Saint-Jean-Baptiste et Saint-AntoinePr\u00eatre responsable de notre Unit\u00e9 Paroissiale Jean-Louis nous quitte apr\u00e8s 13 ans de pr\u00e9sence \u00e0 Wavre pour prendre une retraite bien m\u00e9rit\u00e9e, \u00e0 [&hellip;]<\/p>\n","protected":false},"author":1,"featured_media":1212,"comment_status":"open","ping_status":"open","sticky":false,"template":"","format":"standard","meta":{"_exactmetrics_skip_tracking":false,"_exactmetrics_sitenote_active":false,"_exactmetrics_sitenote_note":"","_exactmetrics_sitenote_category":0,"footnotes":""},"categories":[1],"tags":[],"class_list":["post-1209","post","type-post","status-publish","format-standard","has-post-thumbnail","hentry","category-non-classe"],"_links":{"self":[{"href":"https:\/\/upwavre.be\/up\/wp-json\/wp\/v2\/posts\/1209","targetHints":{"allow":["GET"]}}],"collection":[{"href":"https:\/\/upwavre.be\/up\/wp-json\/wp\/v2\/posts"}],"about":[{"href":"https:\/\/upwavre.be\/up\/wp-json\/wp\/v2\/types\/post"}],"author":[{"embeddable":true,"href":"https:\/\/upwavre.be\/up\/wp-json\/wp\/v2\/users\/1"}],"replies":[{"embeddable":true,"href":"https:\/\/upwavre.be\/up\/wp-json\/wp\/v2\/comments?post=1209"}],"version-history":[{"count":3,"href":"https:\/\/upwavre.be\/up\/wp-json\/wp\/v2\/posts\/1209\/revisions"}],"predecessor-version":[{"id":1454,"href":"https:\/\/upwavre.be\/up\/wp-json\/wp\/v2\/posts\/1209\/revisions\/1454"}],"wp:featuredmedia":[{"embeddable":true,"href":"https:\/\/upwavre.be\/up\/wp-json\/wp\/v2\/media\/1212"}],"wp:attachment":[{"href":"https:\/\/upwavre.be\/up\/wp-json\/wp\/v2\/media?parent=1209"}],"wp:term":[{"taxonomy":"category","embeddable":true,"href":"https:\/\/upwavre.be\/up\/wp-json\/wp\/v2\/categories?post=1209"},{"taxonomy":"post_tag","embeddable":true,"href":"https:\/\/upwavre.be\/up\/wp-json\/wp\/v2\/tags?post=1209"}],"curies":[{"name":"wp","href":"https:\/\/api.w.org\/{rel}","templated":true}]}}