{"id":1224,"date":"2022-10-21T19:09:59","date_gmt":"2022-10-21T17:09:59","guid":{"rendered":"https:\/\/upwavre.be\/up\/?p=1224"},"modified":"2022-11-13T00:28:24","modified_gmt":"2022-11-12T23:28:24","slug":"francois-verkaeren-a-rejoint-le-pere","status":"publish","type":"post","link":"https:\/\/upwavre.be\/up\/2022\/10\/21\/francois-verkaeren-a-rejoint-le-pere\/","title":{"rendered":"Fran\u00e7ois Verkaeren a rejoint le P\u00e8re"},"content":{"rendered":"\n<p>Fran\u00e7ois Verkaeren assurait la gestion de ce site depuis de nombreuses ann\u00e9es. <\/p>\n\n\n\n<p>Il a pour nos communaut\u00e9s \u00e9t\u00e9 le pionnier de la communication sur internet.<br>Il a rejoint le P\u00e8re le 16 septembre dernier.<br>Nous sommes emplis de gratitude pour tout le travail qu&#8217;il a accompli de diff\u00e9rentes fa\u00e7ons pour sa paroisse Saint-Jean-Baptiste et pour l&#8217;Unit\u00e9 Pastorale de Wavre.<br>Merci, Fran\u00e7ois.<\/p>\n\n\n\n<figure class=\"wp-block-image size-full\"><img loading=\"lazy\" decoding=\"async\" width=\"922\" height=\"1024\" src=\"https:\/\/upwavre.be\/up\/wp-content\/uploads\/2022\/10\/francois-verkaeren-recadre-2022-922x1024-1.jpeg\" alt=\"\" class=\"wp-image-1225\" srcset=\"https:\/\/upwavre.be\/up\/wp-content\/uploads\/2022\/10\/francois-verkaeren-recadre-2022-922x1024-1.jpeg 922w, https:\/\/upwavre.be\/up\/wp-content\/uploads\/2022\/10\/francois-verkaeren-recadre-2022-922x1024-1-270x300.jpeg 270w, https:\/\/upwavre.be\/up\/wp-content\/uploads\/2022\/10\/francois-verkaeren-recadre-2022-922x1024-1-768x853.jpeg 768w\" sizes=\"auto, (max-width: 922px) 100vw, 922px\" \/><\/figure>\n","protected":false},"excerpt":{"rendered":"<p>Fran\u00e7ois Verkaeren assurait la gestion de ce site depuis de nombreuses ann\u00e9es. Il a pour nos communaut\u00e9s \u00e9t\u00e9 le pionnier de la communication sur internet.Il a rejoint le P\u00e8re le [&hellip;]<\/p>\n","protected":false},"author":1,"featured_media":1225,"comment_status":"open","ping_status":"open","sticky":false,"template":"","format":"standard","meta":{"_exactmetrics_skip_tracking":false,"_exactmetrics_sitenote_active":false,"_exactmetrics_sitenote_note":"","_exactmetrics_sitenote_category":0,"footnotes":""},"categories":[1],"tags":[],"class_list":["post-1224","post","type-post","status-publish","format-standard","has-post-thumbnail","hentry","category-non-classe"],"_links":{"self":[{"href":"https:\/\/upwavre.be\/up\/wp-json\/wp\/v2\/posts\/1224","targetHints":{"allow":["GET"]}}],"collection":[{"href":"https:\/\/upwavre.be\/up\/wp-json\/wp\/v2\/posts"}],"about":[{"href":"https:\/\/upwavre.be\/up\/wp-json\/wp\/v2\/types\/post"}],"author":[{"embeddable":true,"href":"https:\/\/upwavre.be\/up\/wp-json\/wp\/v2\/users\/1"}],"replies":[{"embeddable":true,"href":"https:\/\/upwavre.be\/up\/wp-json\/wp\/v2\/comments?post=1224"}],"version-history":[{"count":1,"href":"https:\/\/upwavre.be\/up\/wp-json\/wp\/v2\/posts\/1224\/revisions"}],"predecessor-version":[{"id":1226,"href":"https:\/\/upwavre.be\/up\/wp-json\/wp\/v2\/posts\/1224\/revisions\/1226"}],"wp:featuredmedia":[{"embeddable":true,"href":"https:\/\/upwavre.be\/up\/wp-json\/wp\/v2\/media\/1225"}],"wp:attachment":[{"href":"https:\/\/upwavre.be\/up\/wp-json\/wp\/v2\/media?parent=1224"}],"wp:term":[{"taxonomy":"category","embeddable":true,"href":"https:\/\/upwavre.be\/up\/wp-json\/wp\/v2\/categories?post=1224"},{"taxonomy":"post_tag","embeddable":true,"href":"https:\/\/upwavre.be\/up\/wp-json\/wp\/v2\/tags?post=1224"}],"curies":[{"name":"wp","href":"https:\/\/api.w.org\/{rel}","templated":true}]}}