{"id":1440,"date":"2023-08-22T14:08:33","date_gmt":"2023-08-22T12:08:33","guid":{"rendered":"https:\/\/upwavre.be\/up\/?p=1440"},"modified":"2023-11-13T12:34:29","modified_gmt":"2023-11-13T11:34:29","slug":"parcours-grandir-dans-la-foi","status":"publish","type":"post","link":"https:\/\/upwavre.be\/up\/2023\/08\/22\/parcours-grandir-dans-la-foi\/","title":{"rendered":"Parcours grandir dans la foi"},"content":{"rendered":"\n<p>Nous proposons plusieurs parcours durant cette ann\u00e9e 2023-2024.<\/p>\n\n\n\n<p>Ce seront des parcours en petits groupes en 6 \u00e0 8 rencontres d&#8217;octobre 2023 \u00e0 mai 2024 autour d\u2019un th\u00e8me de r\u00e9flexion et de service. <\/p>\n\n\n\n<p>L&#8217;objectif est pour chacun de marcher \u00e0 la suite du Christ, d&#8217;apprendre \u00e0 se connaitre et de vivre l\u2019\u00c9vangile fraternellement. <br>Les parcours sont gratuits et ouverts \u00e0 tous (P.A.F libre).<\/p>\n\n\n\n<p><strong>1) Vivre la fraternit\u00e9 chr\u00e9tienne<\/strong> : <\/p>\n\n\n\n<p>Nous avons choisi pour cette ann\u00e9e le <strong><a href=\"https:\/\/parcoursalpha.be\/\" data-type=\"link\" data-id=\"https:\/\/parcoursalpha.be\/\">parcours Alpha<\/a><\/strong>: bienvenue car la fraternit\u00e9 reste ouverte&#8230;<\/p>\n\n\n\n<figure class=\"wp-block-image size-full\"><img loading=\"lazy\" decoding=\"async\" width=\"599\" height=\"326\" src=\"https:\/\/upwavre.be\/up\/wp-content\/uploads\/2023\/08\/Fraternite-paroissiale.jpg\" alt=\"\" class=\"wp-image-1444\" srcset=\"https:\/\/upwavre.be\/up\/wp-content\/uploads\/2023\/08\/Fraternite-paroissiale.jpg 599w, https:\/\/upwavre.be\/up\/wp-content\/uploads\/2023\/08\/Fraternite-paroissiale-300x163.jpg 300w\" sizes=\"auto, (max-width: 599px) 100vw, 599px\" \/><\/figure>\n\n\n\n<p>Venez exp\u00e9rimenter une vie en fraternit\u00e9 chr\u00e9tienne&nbsp;: la joie d\u2019\u00eatre ensemble, de partager notre vie et notre foi, de t\u00e9moigner et de prier\u2026<\/p>\n\n\n\n<p>Une fraternit\u00e9 chr\u00e9tienne est un lieu o\u00f9 des chr\u00e9tiens se r\u00e9unissent pour partager la joie de l\u2019\u00c9vangile ensemble et ne pas rester seul pour grandir dans la vie spirituelle.<\/p>\n\n\n\n<p>Durant le temps de chaque rencontre, nous \u00e9quilibrons \u00e0 la fois la convivialit\u00e9, la pri\u00e8re, la formation chr\u00e9tienne, le souci du service les uns des autres et des plus pauvres, ainsi que le partage de notre chemin de foi.<\/p>\n\n\n\n<p>Cette fraternit\u00e9 se veut ouverte et souple.<\/p>\n\n\n\n<p>Nous nous r\u00e9unirons en moyenne toutes les trois semaines (en dehors des cong\u00e9s scolaires) les uns chez les autres dans la mesure du possible.<\/p>\n\n\n\n<p>Prochaine rencontre le 28 novembre.<\/p>\n\n\n\n<p>Contact :&nbsp; Georges Bouchez    0476\/60.27.80<\/p>\n\n\n\n<p><strong>2) Cercle Laudato si&#8217;<\/strong><\/p>\n\n\n\n<figure class=\"wp-block-image size-full\"><img loading=\"lazy\" decoding=\"async\" width=\"1020\" height=\"600\" src=\"https:\/\/upwavre.be\/up\/wp-content\/uploads\/2023\/08\/Laudato-si.jpg\" alt=\"\" class=\"wp-image-1445\" srcset=\"https:\/\/upwavre.be\/up\/wp-content\/uploads\/2023\/08\/Laudato-si.jpg 1020w, https:\/\/upwavre.be\/up\/wp-content\/uploads\/2023\/08\/Laudato-si-300x176.jpg 300w, https:\/\/upwavre.be\/up\/wp-content\/uploads\/2023\/08\/Laudato-si-768x452.jpg 768w, https:\/\/upwavre.be\/up\/wp-content\/uploads\/2023\/08\/Laudato-si-716x421.jpg 716w, https:\/\/upwavre.be\/up\/wp-content\/uploads\/2023\/08\/Laudato-si-820x482.jpg 820w\" sizes=\"auto, (max-width: 1020px) 100vw, 1020px\" \/><\/figure>\n\n\n\n<p>Les \u00ab&nbsp;Cercles Laudato Si\u2019&nbsp;\u00bb sont des petits groupes qui se r\u00e9unissent r\u00e9guli\u00e8rement afin d\u2019approfondir leur relation avec Dieu en tant que Cr\u00e9ateur et l\u2019ensemble des membres de la cr\u00e9ation. Ils se r\u00e9unissent environ une fois par mois autour de nos trois piliers&nbsp;: pri\u00e8re, r\u00e9flexion et action.<\/p>\n\n\n\n<p>Les cercles locaux font partie d\u2019un Mouvement global lanc\u00e9 en 2018, proposant chaque mois de nouvelles pistes \u00e0 la suite de l\u2019\u00e9vangile et en communion avec les groupes du monde entier. Chaque groupe est diff\u00e9rent, unique, cr\u00e9atif.<\/p>\n\n\n\n<p>Le tout nouveau groupe de Wavre, ouvert \u00e0 tous, sera lanc\u00e9 le \u2026<\/p>\n\n\n\n<p>Alors que l\u2019ordre mondial existant se r\u00e9v\u00e8le incapable de prendre ses responsabilit\u00e9s, des individus et des groupes \u00e0 l\u2019\u00e9chelle locale peuvent faire la diff\u00e9rence (Laudato Si\u2019 179)<\/p>\n\n\n\n<p>Prochaine rencontre le 14\/11 \u00e0 20h. Salle de Bierges : 10, rue St. Pierre  <\/p>\n\n\n\n<p>Contact&nbsp;: Fran\u00e7ois-Xavier Compt\u00e9&nbsp; 0472\/55.03.54&nbsp; compte.fx@outlook.com<\/p>\n\n\n\n<p>3) <strong>Un c\u0153ur qui discerne<\/strong>:<\/p>\n\n\n\n<figure class=\"wp-block-image size-full\"><img loading=\"lazy\" decoding=\"async\" width=\"313\" height=\"305\" src=\"https:\/\/upwavre.be\/up\/wp-content\/uploads\/2023\/08\/discerner.jpg\" alt=\"\" class=\"wp-image-1446\" srcset=\"https:\/\/upwavre.be\/up\/wp-content\/uploads\/2023\/08\/discerner.jpg 313w, https:\/\/upwavre.be\/up\/wp-content\/uploads\/2023\/08\/discerner-300x292.jpg 300w\" sizes=\"auto, (max-width: 313px) 100vw, 313px\" \/><\/figure>\n\n\n\n<p>L\u2019objectif de ce parcours est de chercher et trouver la pr\u00e9sence de Dieu au c\u0153ur de la vie quotidienne : exercer son regard de foi, se donner chaque jour du temps pour pr\u00eater attention \u00e0 son v\u00e9cu en \u00e9cho avec la Parole de Dieu, apprendre \u00e0 relire sa vie, prendre conscience de la pr\u00e9sence et des appels de Dieu dans sa vie concr\u00e8te.<\/p>\n\n\n\n<p>Le parcours est bas\u00e9 sur sept rencontres.<\/p>\n\n\n\n<p>Les rencontres mensuelles se d\u00e9roulent autour&nbsp;: d&#8217;un <strong>partage <\/strong>de v\u00e9cu, d&#8217;un <strong>enseignement <\/strong>autour du th\u00e8me du mois et d&#8217;un temps de <strong>pri\u00e8re <\/strong>qui permet d&#8217;int\u00e9rioriser la d\u00e9marche et de cr\u00e9er un lien de communion spirituelle avec l&#8217;ensemble des participants.<\/p>\n\n\n\n<p>L\u2019Amour, Vivre dans la lumi\u00e8re, Tout est don, tout est gr\u00e2ce, appels de Dieu et discernement spirituel, mes r\u00e9ponses \u00e0 Dieu et le discernement spirituel, pass\u00e9 et mis\u00e9ricorde : mon histoire sainte, avenir dans l\u2019esp\u00e9rance.<\/p>\n\n\n\n<p>Prochaine rencontre le 8 novembre \u00e0 20h \u00e0 la Cure St. Jean-Baptiste (Place de la Cure).<\/p>\n\n\n\n<p>Contact : Jean Pellin (0485\/72.67.33) <\/p>\n\n\n\n<p>4) <strong>Parcours sur les \u00ab&nbsp;Actes des Ap\u00f4tres&nbsp;\u00bb<\/strong><\/p>\n\n\n\n<figure class=\"wp-block-image size-full is-resized\"><img loading=\"lazy\" decoding=\"async\" width=\"483\" height=\"483\" src=\"https:\/\/upwavre.be\/up\/wp-content\/uploads\/2023\/08\/Parcours-biblique.jpg\" alt=\"\" class=\"wp-image-1442\" style=\"width:324px;height:324px\" srcset=\"https:\/\/upwavre.be\/up\/wp-content\/uploads\/2023\/08\/Parcours-biblique.jpg 483w, https:\/\/upwavre.be\/up\/wp-content\/uploads\/2023\/08\/Parcours-biblique-300x300.jpg 300w, https:\/\/upwavre.be\/up\/wp-content\/uploads\/2023\/08\/Parcours-biblique-150x150.jpg 150w, https:\/\/upwavre.be\/up\/wp-content\/uploads\/2023\/08\/Parcours-biblique-204x204.jpg 204w, https:\/\/upwavre.be\/up\/wp-content\/uploads\/2023\/08\/Parcours-biblique-166x166.jpg 166w\" sizes=\"auto, (max-width: 483px) 100vw, 483px\" \/><\/figure>\n\n\n\n<p>Une rencontre par mois pour parcourir le livre des Actes des Ap\u00f4tres (seconde partie).<\/p>\n\n\n\n<p>\u00c9tude du texte, actualisation et pri\u00e8re.<\/p>\n\n\n\n<p>Accessible \u00e0 tous.<\/p>\n\n\n\n<p>Prochaine date: 7 novembre \u00e0 20h \u00e0 la cure St. Jean-Baptiste<\/p>\n\n\n\n<p>Salle de la Cure de St-Jean-Baptiste.<\/p>\n\n\n\n<p>Contact : P. Fran\u00e7ois-Xavier 0472\/55.03.54<\/p>\n\n\n\n<p><strong>5)<\/strong> <strong>Parcours \u00ab&nbsp;\u00c9vangile de Jean&nbsp;\u00bb<\/strong><\/p>\n\n\n\n<figure class=\"wp-block-image size-full\"><img loading=\"lazy\" decoding=\"async\" width=\"590\" height=\"409\" src=\"https:\/\/upwavre.be\/up\/wp-content\/uploads\/2023\/08\/Saint-Jean.jpg\" alt=\"\" class=\"wp-image-1449\" srcset=\"https:\/\/upwavre.be\/up\/wp-content\/uploads\/2023\/08\/Saint-Jean.jpg 590w, https:\/\/upwavre.be\/up\/wp-content\/uploads\/2023\/08\/Saint-Jean-300x208.jpg 300w\" sizes=\"auto, (max-width: 590px) 100vw, 590px\" \/><\/figure>\n\n\n\n<p>\u00c9vangile de Jean : Ce groupe poursuit sa lecture de l\u2019\u00c9vangile selon saint Jean. Accessible \u00e0 tous.<\/p>\n\n\n\n<p>Chaque 2e vendredi du mois \u00e0 10h15<br>au 44, Avenue Mattagne.<br>Contact : Agnes Lambeau 010\/22.26.11<\/p>\n\n\n\n<p><strong>6) Parcours \u00ab&nbsp;Ce que la bible dit sur les femmes&nbsp;\u00bb<\/strong><\/p>\n\n\n\n<figure class=\"wp-block-image size-full\"><img loading=\"lazy\" decoding=\"async\" width=\"515\" height=\"255\" src=\"https:\/\/upwavre.be\/up\/wp-content\/uploads\/2023\/08\/Femmes-et-bible.jpg\" alt=\"\" class=\"wp-image-1450\" srcset=\"https:\/\/upwavre.be\/up\/wp-content\/uploads\/2023\/08\/Femmes-et-bible.jpg 515w, https:\/\/upwavre.be\/up\/wp-content\/uploads\/2023\/08\/Femmes-et-bible-300x149.jpg 300w\" sizes=\"auto, (max-width: 515px) 100vw, 515px\" \/><\/figure>\n\n\n\n<p>Parcours \u00e0 partir de quelques figures f\u00e9minines.<\/p>\n\n\n\n<p>(Eve, Sarah, Myriam\u2026 et sp\u00e9cialement Marie, la M\u00e8re de J\u00e9sus ) .&nbsp;<\/p>\n\n\n\n<p>Nos r\u00e9unions sont fix\u00e9es chaque 3<sup>e<\/sup>&nbsp;lundi du mois de 16h \u00e0 17h30 \u00e0 la cure de Limal.&nbsp;&nbsp;<\/p>\n\n\n\n<p>Prochaines dates: 16 octobre et 20 novembre<\/p>\n\n\n\n<p>Elles seront coanim\u00e9es par Guy, Isabelle et Marie-Anne Kyndt. Infos : 0471 932 904<\/p>\n\n\n\n<p><strong>7) Parcours: Seigneur, apprends-nous \u00e0 prier (Luc 11, 1):<\/strong><\/p>\n\n\n\n<p>Rien ne r\u00e9v\u00e8le mieux la n\u00e9cessit\u00e9 absolue de la pri\u00e8re que la place qu&#8217;elle tient dans la vie de notre Seigneur J\u00e9sus-Christ . Cette pri\u00e8re ne se r\u00e9duit pas au seul d\u00e9sir de l&#8217;intimit\u00e9 silencieuse avec le P\u00e8re ; elle concerne sa mission et l&#8217;\u00e9ducation de ses disciples ; sa pri\u00e8re a attirer ses plus proches ; J\u00e9sus, \u00e0 leur demande,&nbsp; va les introduire en elle pour les initier. \u00ab&nbsp;Abba, P\u00e8re, non pas ce que je veux mais ce que Tu veux\u202f!&nbsp;\u00bb<\/p>\n\n\n\n<p>(Cf. Vocabulaire de th\u00e9ologie biblique,&nbsp;article \u00ab&nbsp;pri\u00e8re&nbsp;\u00bb)<\/p>\n\n\n\n<p><strong>Th\u00e8mes de cette ann\u00e9e\u202f:<\/strong><\/p>\n\n\n\n<p>La R\u00e9v\u00e9lation et les r\u00e9v\u00e9lations priv\u00e9es.<\/p>\n\n\n\n<p>Contact\u202f: P. Jean-Baptiste Pina<\/p>\n\n\n\n<p>0479\/53.38.15<\/p>\n\n\n\n<p>Contacter le p\u00e8re Jean-Baptiste pour conna\u00eetre les dates.<\/p>\n","protected":false},"excerpt":{"rendered":"<p>Notre Unit\u00e9 pastorale de Wavre propose plusieurs parcours pour grandir dans la foi et vivre la vie fraternelle durant cette ann\u00e9e 2023 2024. Bienvenue&#8230;<\/p>\n","protected":false},"author":3,"featured_media":1443,"comment_status":"open","ping_status":"open","sticky":false,"template":"","format":"standard","meta":{"_exactmetrics_skip_tracking":false,"_exactmetrics_sitenote_active":false,"_exactmetrics_sitenote_note":"","_exactmetrics_sitenote_category":0,"footnotes":""},"categories":[12],"tags":[153,154,152],"class_list":["post-1440","post","type-post","status-publish","format-standard","has-post-thumbnail","hentry","category-pole-foi","tag-foi","tag-fraternite","tag-parcours"],"_links":{"self":[{"href":"https:\/\/upwavre.be\/up\/wp-json\/wp\/v2\/posts\/1440","targetHints":{"allow":["GET"]}}],"collection":[{"href":"https:\/\/upwavre.be\/up\/wp-json\/wp\/v2\/posts"}],"about":[{"href":"https:\/\/upwavre.be\/up\/wp-json\/wp\/v2\/types\/post"}],"author":[{"embeddable":true,"href":"https:\/\/upwavre.be\/up\/wp-json\/wp\/v2\/users\/3"}],"replies":[{"embeddable":true,"href":"https:\/\/upwavre.be\/up\/wp-json\/wp\/v2\/comments?post=1440"}],"version-history":[{"count":14,"href":"https:\/\/upwavre.be\/up\/wp-json\/wp\/v2\/posts\/1440\/revisions"}],"predecessor-version":[{"id":1715,"href":"https:\/\/upwavre.be\/up\/wp-json\/wp\/v2\/posts\/1440\/revisions\/1715"}],"wp:featuredmedia":[{"embeddable":true,"href":"https:\/\/upwavre.be\/up\/wp-json\/wp\/v2\/media\/1443"}],"wp:attachment":[{"href":"https:\/\/upwavre.be\/up\/wp-json\/wp\/v2\/media?parent=1440"}],"wp:term":[{"taxonomy":"category","embeddable":true,"href":"https:\/\/upwavre.be\/up\/wp-json\/wp\/v2\/categories?post=1440"},{"taxonomy":"post_tag","embeddable":true,"href":"https:\/\/upwavre.be\/up\/wp-json\/wp\/v2\/tags?post=1440"}],"curies":[{"name":"wp","href":"https:\/\/api.w.org\/{rel}","templated":true}]}}