{"id":1813,"date":"2024-02-03T07:42:26","date_gmt":"2024-02-03T06:42:26","guid":{"rendered":"https:\/\/upwavre.be\/up\/?p=1813"},"modified":"2024-02-03T07:50:58","modified_gmt":"2024-02-03T06:50:58","slug":"dimanche-autrement-du-11-fevrier-9h20","status":"publish","type":"post","link":"https:\/\/upwavre.be\/up\/2024\/02\/03\/dimanche-autrement-du-11-fevrier-9h20\/","title":{"rendered":"Dimanche autrement du 11 f\u00e9vrier, 9h20"},"content":{"rendered":"\n<p>Le Car\u00eame, une p\u00e9riode d\u00e9di\u00e9e \u00e0 la r\u00e9flexion et au renouveau spirituel, nous invite \u00e0 entreprendre un voyage int\u00e9rieur. Dans cet esprit, nous sommes heureux d&#8217;annoncer la venue de Luc Aerens \u00e0 l&#8217;\u00e9glise Saint-Jean-Baptiste de Wavre. Ce rendez-vous est fix\u00e9 au dimanche 11 f\u00e9vrier \u00e0 9h20, trois jours avant le d\u00e9but du Car\u00eame.<\/p>\n\n\n\n<p>Luc Aerens, un diacre aux multiples talents, est \u00e9galement clown, auteur, com\u00e9dien, et expert en th\u00e9\u00e2tre religieux burlesque. Il a partag\u00e9 son savoir en tant que p\u00e9dagogue \u00e0 Lumen Vitae \u00e0 Bruxelles, ainsi qu&#8217;\u00e0 Fribourg, et aupr\u00e8s de diverses troupes en Belgique, en France, en Suisse, et ailleurs. Il est connu pour ses interventions uniques, o\u00f9 il allie humour et spiritualit\u00e9, lors de cat\u00e9ch\u00e8ses, hom\u00e9lies, spectacles, formations, et \u00e9v\u00e9nements dioc\u00e9sains ou universitaires.<\/p>\n\n\n\n<p>Avec une exp\u00e9rience de 40 ans, Luc Aerens a r\u00e9invent\u00e9 l&#8217;art de l&#8217;hom\u00e9lie en adoptant un style clownesque. Il croit fermement que le costume et l&#8217;approche th\u00e9\u00e2trale captivent l&#8217;audience, rendant le message plus accessible et engageant. Son approche unique a \u00e9t\u00e9 largement appr\u00e9ci\u00e9e, malgr\u00e9 quelques m\u00e9contentements isol\u00e9s.<\/p>\n\n\n\n<p>Auteur, metteur en sc\u00e8ne, et acteur, Luc Aerens a contribu\u00e9 \u00e0 plus de 50 pi\u00e8ces de th\u00e9\u00e2tre religieux. Il est \u00e9galement membre de la Compagnie de th\u00e9\u00e2tre burlesque Cat\u00e9cado.<\/p>\n\n\n\n<p>Lors de cet \u00e9v\u00e9nement, des objets symboliques seront utilis\u00e9s pour explorer les th\u00e8mes cl\u00e9s du Car\u00eame : Partage, Pardon, Pri\u00e8re, Paix, Parole, et les chemins parcourus. Chaque objet, charg\u00e9 de sens, nous aidera \u00e0 mieux comprendre les moments cruciaux de la Passion et de la R\u00e9surrection du Christ.<\/p>\n\n\n\n<p>Nous vous invitons chaleureusement \u00e0 rejoindre cette exp\u00e9rience enrichissante et ouverte \u00e0 tous.<br>Le Car\u00eame, une p\u00e9riode d\u00e9di\u00e9e \u00e0 la r\u00e9flexion et au renouveau spirituel, nous invite \u00e0 entreprendre un voyage int\u00e9rieur. Dans cet esprit, nous sommes heureux d&#8217;annoncer la venue de Luc Aerens \u00e0 l&#8217;\u00e9glise Saint-Jean-Baptiste de Wavre. Ce rendez-vous est fix\u00e9 au dimanche 11 f\u00e9vrier \u00e0 9h20, trois jours avant le d\u00e9but du Car\u00eame.<\/p>\n\n\n\n<p>Luc Aerens, un diacre aux multiples talents, est \u00e9galement clown, auteur, com\u00e9dien, et expert en th\u00e9\u00e2tre religieux burlesque. Il a partag\u00e9 son savoir en tant que p\u00e9dagogue \u00e0 Lumen Vitae \u00e0 Bruxelles, ainsi qu&#8217;\u00e0 Fribourg, et aupr\u00e8s de diverses troupes en Belgique, en France, en Suisse, et ailleurs. Il est connu pour ses interventions uniques, o\u00f9 il allie humour et spiritualit\u00e9, lors de cat\u00e9ch\u00e8ses, hom\u00e9lies, spectacles, formations, et \u00e9v\u00e9nements dioc\u00e9sains ou universitaires.<\/p>\n\n\n\n<p>Avec une exp\u00e9rience de 40 ans, Luc Aerens a r\u00e9invent\u00e9 l&#8217;art de l&#8217;hom\u00e9lie en adoptant un style clownesque. Il croit fermement que le costume et l&#8217;approche th\u00e9\u00e2trale captivent l&#8217;audience, rendant le message plus accessible et engageant. Son approche unique a \u00e9t\u00e9 largement appr\u00e9ci\u00e9e, malgr\u00e9 quelques m\u00e9contentements isol\u00e9s.<\/p>\n\n\n\n<p>Auteur, metteur en sc\u00e8ne, et acteur, Luc Aerens a contribu\u00e9 \u00e0 plus de 50 pi\u00e8ces de th\u00e9\u00e2tre religieux. Il est \u00e9galement membre de la Compagnie de th\u00e9\u00e2tre burlesque Cat\u00e9cado.<\/p>\n\n\n\n<p>Lors de cet \u00e9v\u00e9nement, des objets symboliques seront utilis\u00e9s pour explorer les th\u00e8mes cl\u00e9s du Car\u00eame : Partage, Pardon, Pri\u00e8re, Paix, Parole, et les chemins parcourus. Chaque objet, charg\u00e9 de sens, nous aidera \u00e0 mieux comprendre les moments cruciaux de la Passion et de la R\u00e9surrection du Christ.<\/p>\n\n\n\n<p>Nous vous invitons chaleureusement \u00e0 rejoindre cette exp\u00e9rience enrichissante et ouverte \u00e0 tous.<\/p>\n\n\n\n<figure class=\"wp-block-image size-full\"><img loading=\"lazy\" decoding=\"async\" width=\"922\" height=\"922\" src=\"https:\/\/upwavre.be\/up\/wp-content\/uploads\/2024\/02\/affiche-Careme-2024-3.jpg\" alt=\"\" class=\"wp-image-1821\" srcset=\"https:\/\/upwavre.be\/up\/wp-content\/uploads\/2024\/02\/affiche-Careme-2024-3.jpg 922w, https:\/\/upwavre.be\/up\/wp-content\/uploads\/2024\/02\/affiche-Careme-2024-3-300x300.jpg 300w, https:\/\/upwavre.be\/up\/wp-content\/uploads\/2024\/02\/affiche-Careme-2024-3-150x150.jpg 150w, https:\/\/upwavre.be\/up\/wp-content\/uploads\/2024\/02\/affiche-Careme-2024-3-768x768.jpg 768w, https:\/\/upwavre.be\/up\/wp-content\/uploads\/2024\/02\/affiche-Careme-2024-3-204x204.jpg 204w, https:\/\/upwavre.be\/up\/wp-content\/uploads\/2024\/02\/affiche-Careme-2024-3-166x166.jpg 166w, https:\/\/upwavre.be\/up\/wp-content\/uploads\/2024\/02\/affiche-Careme-2024-3-524x524.jpg 524w, https:\/\/upwavre.be\/up\/wp-content\/uploads\/2024\/02\/affiche-Careme-2024-3-716x716.jpg 716w, https:\/\/upwavre.be\/up\/wp-content\/uploads\/2024\/02\/affiche-Careme-2024-3-820x820.jpg 820w\" sizes=\"auto, (max-width: 922px) 100vw, 922px\" \/><\/figure>\n","protected":false},"excerpt":{"rendered":"<p>Le Car\u00eame, une p\u00e9riode d\u00e9di\u00e9e \u00e0 la r\u00e9flexion et au renouveau spirituel, nous invite \u00e0 entreprendre un voyage int\u00e9rieur. Dans cet esprit, nous sommes heureux d&#8217;annoncer la venue de Luc [&hellip;]<\/p>\n","protected":false},"author":4,"featured_media":1814,"comment_status":"open","ping_status":"open","sticky":false,"template":"","format":"standard","meta":{"_exactmetrics_skip_tracking":false,"_exactmetrics_sitenote_active":false,"_exactmetrics_sitenote_note":"","_exactmetrics_sitenote_category":0,"footnotes":""},"categories":[136],"tags":[],"class_list":["post-1813","post","type-post","status-publish","format-standard","has-post-thumbnail","hentry","category-st-jean-baptiste"],"_links":{"self":[{"href":"https:\/\/upwavre.be\/up\/wp-json\/wp\/v2\/posts\/1813","targetHints":{"allow":["GET"]}}],"collection":[{"href":"https:\/\/upwavre.be\/up\/wp-json\/wp\/v2\/posts"}],"about":[{"href":"https:\/\/upwavre.be\/up\/wp-json\/wp\/v2\/types\/post"}],"author":[{"embeddable":true,"href":"https:\/\/upwavre.be\/up\/wp-json\/wp\/v2\/users\/4"}],"replies":[{"embeddable":true,"href":"https:\/\/upwavre.be\/up\/wp-json\/wp\/v2\/comments?post=1813"}],"version-history":[{"count":4,"href":"https:\/\/upwavre.be\/up\/wp-json\/wp\/v2\/posts\/1813\/revisions"}],"predecessor-version":[{"id":1824,"href":"https:\/\/upwavre.be\/up\/wp-json\/wp\/v2\/posts\/1813\/revisions\/1824"}],"wp:featuredmedia":[{"embeddable":true,"href":"https:\/\/upwavre.be\/up\/wp-json\/wp\/v2\/media\/1814"}],"wp:attachment":[{"href":"https:\/\/upwavre.be\/up\/wp-json\/wp\/v2\/media?parent=1813"}],"wp:term":[{"taxonomy":"category","embeddable":true,"href":"https:\/\/upwavre.be\/up\/wp-json\/wp\/v2\/categories?post=1813"},{"taxonomy":"post_tag","embeddable":true,"href":"https:\/\/upwavre.be\/up\/wp-json\/wp\/v2\/tags?post=1813"}],"curies":[{"name":"wp","href":"https:\/\/api.w.org\/{rel}","templated":true}]}}