{"id":1987,"date":"2024-07-20T08:43:12","date_gmt":"2024-07-20T06:43:12","guid":{"rendered":"https:\/\/upwavre.be\/up\/?p=1987"},"modified":"2024-07-20T08:43:13","modified_gmt":"2024-07-20T06:43:13","slug":"arretez-vous","status":"publish","type":"post","link":"https:\/\/upwavre.be\/up\/2024\/07\/20\/arretez-vous\/","title":{"rendered":"Arr\u00eatez vous,"},"content":{"rendered":"\n<p><strong>respirez dans notre belle \u00e9glise<\/strong><\/p>\n\n\n\n<p>Du 16 ao\u00fbt au 3 septembre<\/p>\n\n\n\n<p>17 ao\u00fbt \u00e0 16h &#8211; Concert de la violoniste Eve Cobut PAF : consciente<br>\u2022 Eve Cobut, dipl\u00f4m\u00e9e d&#8217;un master de violon en 2022 au conservatoire de Bruxelles, vous propose un concert exceptionnel.<\/p>\n\n\n\n<p>Du 20 ao\u00fbt au 3 septembre &#8211; Exposition &#8220;La Bible, Patrimoine de l&#8217;Humanit\u00e9&#8221;<br>\u2022 Une exposition culturelle adapt\u00e9e aux scolaires et au grand public, offrant une d\u00e9couverte de la Bible depuis ses origines jusqu&#8217;\u00e0 nos jours. Cette approche culturelle est bas\u00e9e sur une recherche scientifique rigoureuse et est organis\u00e9e par la Soci\u00e9t\u00e9 Biblique Francophone de Belgique.<\/p>\n\n\n\n<hr class=\"wp-block-separator has-alpha-channel-opacity\"\/>\n\n\n\n<p>24 ao\u00fbt \u00e0 16h &#8211; Concert de la chorale \u00ab Phoenixia \u00bb PAF : consciente<br>\u2022 Cr\u00e9\u00e9e \u00e0 l&#8217;initiative de plusieurs choristes issus de diverses chorales d&#8217;amateurs de la r\u00e9gion de Jodoigne ( N-E du Brabant Wallon) Elle est dirig\u00e9e par un chef de choeur dynamique et enthousiaste : Laurent Lecomte.<\/p>\n\n\n\n<p>25 ao\u00fbt \u00e0 16h &#8211; Visite guid\u00e9e de l\u2019\u00e9glise Saint-Jean-Baptiste<br>\u2022 Venez d\u00e9couvrir la beaut\u00e9 de notre \u00e9glise lors d&#8217;une visite guid\u00e9e.<\/p>\n\n\n\n<p>Profitez de ces \u00e9v\u00e9nements pour enrichir votre \u00e9t\u00e9 tout en appr\u00e9ciant la splendeur de notre \u00e9glise !<\/p>\n\n\n\n<p>L&#8217;\u00e9glise est ouverte :<\/p>\n\n\n\n<p>lundi, mardi, jeudi, vendredi: 9h-17h mercredi,<br>samedi et dimanche: 12h-17h<\/p>\n","protected":false},"excerpt":{"rendered":"<p>respirez dans notre belle \u00e9glise Du 16 ao\u00fbt au 3 septembre 17 ao\u00fbt \u00e0 16h &#8211; Concert de la violoniste Eve Cobut PAF : consciente\u2022 Eve Cobut, dipl\u00f4m\u00e9e d&#8217;un master [&hellip;]<\/p>\n","protected":false},"author":4,"featured_media":1954,"comment_status":"open","ping_status":"open","sticky":false,"template":"","format":"standard","meta":{"_exactmetrics_skip_tracking":false,"_exactmetrics_sitenote_active":false,"_exactmetrics_sitenote_note":"","_exactmetrics_sitenote_category":0,"footnotes":""},"categories":[12],"tags":[],"class_list":["post-1987","post","type-post","status-publish","format-standard","has-post-thumbnail","hentry","category-pole-foi"],"_links":{"self":[{"href":"https:\/\/upwavre.be\/up\/wp-json\/wp\/v2\/posts\/1987","targetHints":{"allow":["GET"]}}],"collection":[{"href":"https:\/\/upwavre.be\/up\/wp-json\/wp\/v2\/posts"}],"about":[{"href":"https:\/\/upwavre.be\/up\/wp-json\/wp\/v2\/types\/post"}],"author":[{"embeddable":true,"href":"https:\/\/upwavre.be\/up\/wp-json\/wp\/v2\/users\/4"}],"replies":[{"embeddable":true,"href":"https:\/\/upwavre.be\/up\/wp-json\/wp\/v2\/comments?post=1987"}],"version-history":[{"count":2,"href":"https:\/\/upwavre.be\/up\/wp-json\/wp\/v2\/posts\/1987\/revisions"}],"predecessor-version":[{"id":1989,"href":"https:\/\/upwavre.be\/up\/wp-json\/wp\/v2\/posts\/1987\/revisions\/1989"}],"wp:featuredmedia":[{"embeddable":true,"href":"https:\/\/upwavre.be\/up\/wp-json\/wp\/v2\/media\/1954"}],"wp:attachment":[{"href":"https:\/\/upwavre.be\/up\/wp-json\/wp\/v2\/media?parent=1987"}],"wp:term":[{"taxonomy":"category","embeddable":true,"href":"https:\/\/upwavre.be\/up\/wp-json\/wp\/v2\/categories?post=1987"},{"taxonomy":"post_tag","embeddable":true,"href":"https:\/\/upwavre.be\/up\/wp-json\/wp\/v2\/tags?post=1987"}],"curies":[{"name":"wp","href":"https:\/\/api.w.org\/{rel}","templated":true}]}}