{"id":2002,"date":"2024-10-02T13:01:44","date_gmt":"2024-10-02T11:01:44","guid":{"rendered":"https:\/\/upwavre.be\/up\/?p=2002"},"modified":"2024-10-02T13:02:22","modified_gmt":"2024-10-02T11:02:22","slug":"unite-pastorale-de-wavre-presence-solennelle-a-la-messe-de-cloture-de-la-visite-du-pape","status":"publish","type":"post","link":"https:\/\/upwavre.be\/up\/2024\/10\/02\/unite-pastorale-de-wavre-presence-solennelle-a-la-messe-de-cloture-de-la-visite-du-pape\/","title":{"rendered":"&#8220;Unit\u00e9 Pastorale de Wavre : Pr\u00e9sence Solennelle \u00e0 la Messe de Cl\u00f4ture de la Visite du Pape&#8221;"},"content":{"rendered":"\n<p>Dimanche dernier, l&#8217;unit\u00e9 pastorale, \u00e0 l&#8217;instar de nombreuses autres du Brabant Wallon, s&#8217;est rendue au Stade Roi Baudouin pour assister \u00e0 la cl\u00f4ture de la visite du Pape Fran\u00e7ois en Belgique. Cet \u00e9v\u00e9nement solennel s&#8217;est conclu par une messe pr\u00e9sid\u00e9e par le Saint-P\u00e8re, en pr\u00e9sence de notre archev\u00eaque Luc Terlinden et d&#8217;autres \u00e9v\u00eaques belges. \u00c0 cette occasion, Anne de J\u00e9sus, carm\u00e9lite n\u00e9e en Castille en 1545 et d\u00e9c\u00e9d\u00e9e au Carmel de Bruxelles en 1621, a \u00e9t\u00e9 b\u00e9atifi\u00e9e. Les fid\u00e8les, anim\u00e9s d&#8217;un enthousiasme d\u00e9bordant, ont manifest\u00e9 un accueil des plus chaleureux, t\u00e9moignant de leur amour incommensurable et de leur attachement ind\u00e9fectible \u00e0 l&#8217;\u00c9glise et au Pape. La joie, palpable \u00e0 travers les applaudissements nourris et la participation fervente des jeunes, a marqu\u00e9 cette journ\u00e9e m\u00e9morable.<\/p>\n\n\n\n<p>Pendant que quelques dizaines de jeunes de notre unit\u00e9 pastorale prenaient part \u00e0 l&#8217;\u00e9v\u00e9nement Hope Happening, soixante adultes de Wavre se sont rendus au stade en car, tandis que d&#8217;autres y ont acc\u00e9d\u00e9 par leurs propres moyens pour assister \u00e0 la messe. Parall\u00e8lement, une retransmission de la c\u00e9r\u00e9monie a \u00e9t\u00e9 organis\u00e9e \u00e0 l&#8217;\u00e9glise Saint-Jean-Baptiste, rassemblant ceux qui n&#8217;avaient pu se rendre au stade, ainsi qu&#8217;un groupe de scouts d&#8217;Europe.<\/p>\n\n\n\n<p>L&#8217;archev\u00eaque a soulign\u00e9 l&#8217;importance capitale de la visite papale, exprimant notre profonde gratitude pour la venue du Pape en tant que bon berger. Sa pr\u00e9sence a raviv\u00e9 notre esp\u00e9rance et nous a encourag\u00e9s dans l&#8217;annonce de la joie de l&#8217;\u00c9vangile. Cette messe co\u00efncidait \u00e9galement avec la 110e Journ\u00e9e mondiale du migrant et du r\u00e9fugi\u00e9, offrant une occasion pr\u00e9cieuse de s&#8217;unir \u00e0 eux dans la pri\u00e8re.<\/p>\n","protected":false},"excerpt":{"rendered":"<p>Dimanche dernier, l&#8217;unit\u00e9 pastorale, \u00e0 l&#8217;instar de nombreuses autres du Brabant Wallon, s&#8217;est rendue au Stade Roi Baudouin pour assister \u00e0 la cl\u00f4ture de la visite du Pape Fran\u00e7ois en [&hellip;]<\/p>\n","protected":false},"author":4,"featured_media":2003,"comment_status":"open","ping_status":"open","sticky":false,"template":"","format":"standard","meta":{"_exactmetrics_skip_tracking":false,"_exactmetrics_sitenote_active":false,"_exactmetrics_sitenote_note":"","_exactmetrics_sitenote_category":0,"footnotes":""},"categories":[12,136],"tags":[],"class_list":["post-2002","post","type-post","status-publish","format-standard","has-post-thumbnail","hentry","category-pole-foi","category-st-jean-baptiste"],"_links":{"self":[{"href":"https:\/\/upwavre.be\/up\/wp-json\/wp\/v2\/posts\/2002","targetHints":{"allow":["GET"]}}],"collection":[{"href":"https:\/\/upwavre.be\/up\/wp-json\/wp\/v2\/posts"}],"about":[{"href":"https:\/\/upwavre.be\/up\/wp-json\/wp\/v2\/types\/post"}],"author":[{"embeddable":true,"href":"https:\/\/upwavre.be\/up\/wp-json\/wp\/v2\/users\/4"}],"replies":[{"embeddable":true,"href":"https:\/\/upwavre.be\/up\/wp-json\/wp\/v2\/comments?post=2002"}],"version-history":[{"count":1,"href":"https:\/\/upwavre.be\/up\/wp-json\/wp\/v2\/posts\/2002\/revisions"}],"predecessor-version":[{"id":2004,"href":"https:\/\/upwavre.be\/up\/wp-json\/wp\/v2\/posts\/2002\/revisions\/2004"}],"wp:featuredmedia":[{"embeddable":true,"href":"https:\/\/upwavre.be\/up\/wp-json\/wp\/v2\/media\/2003"}],"wp:attachment":[{"href":"https:\/\/upwavre.be\/up\/wp-json\/wp\/v2\/media?parent=2002"}],"wp:term":[{"taxonomy":"category","embeddable":true,"href":"https:\/\/upwavre.be\/up\/wp-json\/wp\/v2\/categories?post=2002"},{"taxonomy":"post_tag","embeddable":true,"href":"https:\/\/upwavre.be\/up\/wp-json\/wp\/v2\/tags?post=2002"}],"curies":[{"name":"wp","href":"https:\/\/api.w.org\/{rel}","templated":true}]}}