{"id":2133,"date":"2024-12-07T06:20:55","date_gmt":"2024-12-07T05:20:55","guid":{"rendered":"https:\/\/upwavre.be\/up\/?p=2133"},"modified":"2024-12-07T06:20:56","modified_gmt":"2024-12-07T05:20:56","slug":"le-parcours-zachee-unifier-foi-et-vie-quotidienne","status":"publish","type":"post","link":"https:\/\/upwavre.be\/up\/2024\/12\/07\/le-parcours-zachee-unifier-foi-et-vie-quotidienne\/","title":{"rendered":"Le parcours ZACH\u00c9E : unifier foi et vie quotidienne"},"content":{"rendered":"\n<p>Le Parcours Zach\u00e9e propose \u00e0 chacun de vivre sa foi de mani\u00e8re concr\u00e8te dans la vie de tous les jours. Ouvert \u00e0 tous, ind\u00e9pendamment de la situation personnelle ou professionnelle, il offre l\u2019opportunit\u00e9 de r\u00e9concilier foi et quotidien \u00e0 travers une transformation personnelle inspir\u00e9e de l\u2019histoire de Zach\u00e9e.<\/p>\n\n\n\n<p>L\u2019objectif est d\u2019int\u00e9grer la doctrine sociale de l\u2019\u00c9glise dans la vie des chr\u00e9tiens pour harmoniser foi, travail, vie familiale et engagement social. En s\u2019appuyant sur cette doctrine, le parcours aide les participants \u00e0 trouver leur place dans le monde, \u00e0 d\u00e9velopper leurs talents, \u00e0 vivre pleinement leur vocation, tout en \u00e9tant t\u00e9moins de l\u2019\u00c9vangile dans leur quotidien.<\/p>\n\n\n\n<p>Le programme alterne entre des exercices personnels et des partages en groupe.<\/p>\n\n\n\n<p>Les th\u00e8mes abord\u00e9s incluent : \u00eatre acteurs de la cr\u00e9ation, servir le bien commun, utiliser la propri\u00e9t\u00e9 de mani\u00e8re juste, privil\u00e9gier les pauvres, exercer une autorit\u00e9 juste, s\u2019engager dans la communaut\u00e9, et vivre en unit\u00e9 et en libert\u00e9 selon un art de vivre chr\u00e9tien. La date de la 1\u00e8re rencontre : le mardi 21 janvier \u00e0 20h30 \u00e0 la salle de la cure de St-Jean-Baptiste \u00e0 Wavre : Place de la Cure, 23 1300 Wavre (les dates suivantes : Di 9\/02, Di 23\/02, Ma 18\/03, Di 30\/03\u2026). Pour plus d\u2019informations et inscription (pour commander le livre etc), veuillez contacter : Rapha\u00ebl Van de Walle : 0483 36 72 40 raphaelvandewalle@yahoo.fr ; Andr\u00e9 Sarota : 0495 42 38 50 asarota@gmail.com. Le site officiel du parcours : www.zachee.com.<\/p>\n","protected":false},"excerpt":{"rendered":"<p>Le Parcours Zach\u00e9e propose \u00e0 chacun de vivre sa foi de mani\u00e8re concr\u00e8te dans la vie de tous les jours. Ouvert \u00e0 tous, ind\u00e9pendamment de la situation personnelle ou professionnelle, [&hellip;]<\/p>\n","protected":false},"author":4,"featured_media":2134,"comment_status":"open","ping_status":"open","sticky":false,"template":"","format":"standard","meta":{"_exactmetrics_skip_tracking":false,"_exactmetrics_sitenote_active":false,"_exactmetrics_sitenote_note":"","_exactmetrics_sitenote_category":0,"footnotes":""},"categories":[12],"tags":[],"class_list":["post-2133","post","type-post","status-publish","format-standard","has-post-thumbnail","hentry","category-pole-foi"],"_links":{"self":[{"href":"https:\/\/upwavre.be\/up\/wp-json\/wp\/v2\/posts\/2133","targetHints":{"allow":["GET"]}}],"collection":[{"href":"https:\/\/upwavre.be\/up\/wp-json\/wp\/v2\/posts"}],"about":[{"href":"https:\/\/upwavre.be\/up\/wp-json\/wp\/v2\/types\/post"}],"author":[{"embeddable":true,"href":"https:\/\/upwavre.be\/up\/wp-json\/wp\/v2\/users\/4"}],"replies":[{"embeddable":true,"href":"https:\/\/upwavre.be\/up\/wp-json\/wp\/v2\/comments?post=2133"}],"version-history":[{"count":2,"href":"https:\/\/upwavre.be\/up\/wp-json\/wp\/v2\/posts\/2133\/revisions"}],"predecessor-version":[{"id":2136,"href":"https:\/\/upwavre.be\/up\/wp-json\/wp\/v2\/posts\/2133\/revisions\/2136"}],"wp:featuredmedia":[{"embeddable":true,"href":"https:\/\/upwavre.be\/up\/wp-json\/wp\/v2\/media\/2134"}],"wp:attachment":[{"href":"https:\/\/upwavre.be\/up\/wp-json\/wp\/v2\/media?parent=2133"}],"wp:term":[{"taxonomy":"category","embeddable":true,"href":"https:\/\/upwavre.be\/up\/wp-json\/wp\/v2\/categories?post=2133"},{"taxonomy":"post_tag","embeddable":true,"href":"https:\/\/upwavre.be\/up\/wp-json\/wp\/v2\/tags?post=2133"}],"curies":[{"name":"wp","href":"https:\/\/api.w.org\/{rel}","templated":true}]}}