{"id":2255,"date":"2025-01-29T09:22:57","date_gmt":"2025-01-29T08:22:57","guid":{"rendered":"https:\/\/upwavre.be\/up\/?p=2255"},"modified":"2025-03-12T00:06:50","modified_gmt":"2025-03-11T23:06:50","slug":"prochaine-journee-solidaire-a-wavre-le-8-fevrier","status":"publish","type":"post","link":"https:\/\/upwavre.be\/up\/2025\/01\/29\/prochaine-journee-solidaire-a-wavre-le-8-fevrier\/","title":{"rendered":"Prochaine journ\u00e9e solidaire \u00e0 Wavre le 17 mai 2025"},"content":{"rendered":"\n<p>Depuis quelques ann\u00e9es, les paroisses catholiques et protestantes de notre unit\u00e9 pastorale s&#8217;unissent pour coordonner des journ\u00e9es de solidarit\u00e9 aupr\u00e8s de diverses associations et institutions locales.<br>La prochaine rencontre est pr\u00e9vue le samedi 17 mai 2025 :<br>Cette aide peut prendre diverses formes selon vos talents et vos int\u00e9r\u00eats, adapt\u00e9es aux enfants, aux jeunes et aux personnes plus \u00e2g\u00e9es. Ainsi, chacun pourra choisir le service qu\u2019il est en mesure de rendre.<br>Les jeunes sont invit\u00e9s \u00e0 un tournoi de mini-football durant l\u2019apr\u00e8s-midi.<br>Vous pouvez trouver toutes les informations sur les tracts que vous trouverez au fond de l\u2019\u00e9glise ou en t\u00e9l\u00e9chargeant l&#8217;application Sernow ou visitant le site de l\u2019ASBL Serve The City : www.servethecity.brussels<\/p>\n\n\n\n<figure class=\"wp-block-image size-large\"><img loading=\"lazy\" decoding=\"async\" width=\"1024\" height=\"489\" src=\"https:\/\/upwavre.be\/up\/wp-content\/uploads\/2025\/01\/Journee-Solidaire-17-mai-2025-1024x489.jpg\" alt=\"\" class=\"wp-image-2313\" srcset=\"https:\/\/upwavre.be\/up\/wp-content\/uploads\/2025\/01\/Journee-Solidaire-17-mai-2025-1024x489.jpg 1024w, https:\/\/upwavre.be\/up\/wp-content\/uploads\/2025\/01\/Journee-Solidaire-17-mai-2025-300x143.jpg 300w, https:\/\/upwavre.be\/up\/wp-content\/uploads\/2025\/01\/Journee-Solidaire-17-mai-2025-768x367.jpg 768w, https:\/\/upwavre.be\/up\/wp-content\/uploads\/2025\/01\/Journee-Solidaire-17-mai-2025-1536x734.jpg 1536w, https:\/\/upwavre.be\/up\/wp-content\/uploads\/2025\/01\/Journee-Solidaire-17-mai-2025-716x342.jpg 716w, https:\/\/upwavre.be\/up\/wp-content\/uploads\/2025\/01\/Journee-Solidaire-17-mai-2025-820x392.jpg 820w, https:\/\/upwavre.be\/up\/wp-content\/uploads\/2025\/01\/Journee-Solidaire-17-mai-2025.jpg 1570w\" sizes=\"auto, (max-width: 1024px) 100vw, 1024px\" \/><\/figure>\n\n\n\n<p>Voici le t\u00e9moignage d&#8217;une jeune de Wavre :<\/p>\n\n\n\n<p>Je m&#8217;appelle Laetitia, j&#8217;ai 18 ans, et j&#8217;ai la chance d&#8217;avoir particip\u00e9 d\u00e9j\u00e0 deux fois aux rendez-vous solidaires organis\u00e9s par les paroisses de Wavre. <\/p>\n\n\n\n<p>Le temps d&#8217;une matin\u00e9e, j&#8217;ai jou\u00e9 \u00e0 des jeux de soci\u00e9t\u00e9 avec des personnes \u00e2g\u00e9es dans des maisons de repos. <\/p>\n\n\n\n<p>J&#8217;ai \u00e0 chaque fois pass\u00e9 un bon moment, en compagnie de jeunes que je connaissais d\u00e9j\u00e0, mais aussi de personnes \u00e2g\u00e9es que j&#8217;ai eu la joie de d\u00e9couvrir. <\/p>\n\n\n\n<p>Ce qui m&#8217;a le plus marqu\u00e9, c&#8217;est le r\u00e9el bonheur qu&#8217;on apportait aux pensionnaires et la simplicit\u00e9 avec laquelle on pouvait \u00e9changer avec eux, malgr\u00e9 les diff\u00e9rences d&#8217;\u00e2ges! <\/p>\n\n\n\n<p>Je suis convaincue que tout le monde est le bienvenu et j&#8217;esp\u00e8re pouvoir rencontrer encore beaucoup de nouveaux b\u00e9n\u00e9voles durant les prochaines rencontres !<\/p>\n","protected":false},"excerpt":{"rendered":"<p>Depuis quelques ann\u00e9es, les paroisses catholiques et protestantes de notre unit\u00e9 pastorale s&#8217;unissent pour coordonner des journ\u00e9es de solidarit\u00e9 aupr\u00e8s de diverses associations et institutions locales.La prochaine rencontre est pr\u00e9vue [&hellip;]<\/p>\n","protected":false},"author":4,"featured_media":2310,"comment_status":"open","ping_status":"open","sticky":false,"template":"","format":"standard","meta":{"_exactmetrics_skip_tracking":false,"_exactmetrics_sitenote_active":false,"_exactmetrics_sitenote_note":"","_exactmetrics_sitenote_category":0,"footnotes":""},"categories":[145,144,135],"tags":[154,155],"class_list":["post-2255","post","type-post","status-publish","format-standard","has-post-thumbnail","hentry","category-blog","category-conseil-up","category-paroisses","tag-fraternite","tag-solidarite"],"_links":{"self":[{"href":"https:\/\/upwavre.be\/up\/wp-json\/wp\/v2\/posts\/2255","targetHints":{"allow":["GET"]}}],"collection":[{"href":"https:\/\/upwavre.be\/up\/wp-json\/wp\/v2\/posts"}],"about":[{"href":"https:\/\/upwavre.be\/up\/wp-json\/wp\/v2\/types\/post"}],"author":[{"embeddable":true,"href":"https:\/\/upwavre.be\/up\/wp-json\/wp\/v2\/users\/4"}],"replies":[{"embeddable":true,"href":"https:\/\/upwavre.be\/up\/wp-json\/wp\/v2\/comments?post=2255"}],"version-history":[{"count":5,"href":"https:\/\/upwavre.be\/up\/wp-json\/wp\/v2\/posts\/2255\/revisions"}],"predecessor-version":[{"id":2339,"href":"https:\/\/upwavre.be\/up\/wp-json\/wp\/v2\/posts\/2255\/revisions\/2339"}],"wp:featuredmedia":[{"embeddable":true,"href":"https:\/\/upwavre.be\/up\/wp-json\/wp\/v2\/media\/2310"}],"wp:attachment":[{"href":"https:\/\/upwavre.be\/up\/wp-json\/wp\/v2\/media?parent=2255"}],"wp:term":[{"taxonomy":"category","embeddable":true,"href":"https:\/\/upwavre.be\/up\/wp-json\/wp\/v2\/categories?post=2255"},{"taxonomy":"post_tag","embeddable":true,"href":"https:\/\/upwavre.be\/up\/wp-json\/wp\/v2\/tags?post=2255"}],"curies":[{"name":"wp","href":"https:\/\/api.w.org\/{rel}","templated":true}]}}