{"id":2316,"date":"2025-02-18T21:22:33","date_gmt":"2025-02-18T20:22:33","guid":{"rendered":"https:\/\/upwavre.be\/up\/?p=2316"},"modified":"2025-05-28T14:36:00","modified_gmt":"2025-05-28T12:36:00","slug":"pelerinage-jubilaire-a-n-d-de-basse-wavre","status":"publish","type":"post","link":"https:\/\/upwavre.be\/up\/2025\/02\/18\/pelerinage-jubilaire-a-n-d-de-basse-wavre\/","title":{"rendered":"P\u00e8lerinage jubilaire \u00e0 N.D. de Basse-Wavre"},"content":{"rendered":"\n<p>Le p\u00f4le Couples et Familles de notre Unit\u00e9 Pastorale a organis\u00e9 une marche p\u00e8lerinage<br>de Wavre \u00e0 Basse-Wavre le 30 mars apr\u00e8s-midi.<br>Nous sommes partis de l\u2019\u00e9glise St. Jean-Baptiste \u00e0 15h le dimanche 30 mars.<br>Nous avons march\u00e9 environ 3 \u00e0 4 kms dans les rues de Wavre pour arriver \u00e0 Basse-Wavre vers 16h.<\/p>\n\n\n\n<figure class=\"wp-block-image size-large\"><img loading=\"lazy\" decoding=\"async\" width=\"1024\" height=\"577\" src=\"https:\/\/upwavre.be\/up\/wp-content\/uploads\/2025\/02\/image-3-1024x577.png\" alt=\"\" class=\"wp-image-2401\" srcset=\"https:\/\/upwavre.be\/up\/wp-content\/uploads\/2025\/02\/image-3-1024x577.png 1024w, https:\/\/upwavre.be\/up\/wp-content\/uploads\/2025\/02\/image-3-300x169.png 300w, https:\/\/upwavre.be\/up\/wp-content\/uploads\/2025\/02\/image-3-768x433.png 768w, https:\/\/upwavre.be\/up\/wp-content\/uploads\/2025\/02\/image-3-1536x865.png 1536w, https:\/\/upwavre.be\/up\/wp-content\/uploads\/2025\/02\/image-3-2048x1153.png 2048w, https:\/\/upwavre.be\/up\/wp-content\/uploads\/2025\/02\/image-3-524x295.png 524w, https:\/\/upwavre.be\/up\/wp-content\/uploads\/2025\/02\/image-3-1100x619.png 1100w, https:\/\/upwavre.be\/up\/wp-content\/uploads\/2025\/02\/image-3-716x403.png 716w, https:\/\/upwavre.be\/up\/wp-content\/uploads\/2025\/02\/image-3-820x462.png 820w\" sizes=\"auto, (max-width: 1024px) 100vw, 1024px\" \/><\/figure>\n\n\n\n<p><br>Lors de cette marche priante, nous avons partag\u00e9 sur des textes sur le th\u00e8me de l\u2019esp\u00e9rance par groupes de deux avec plusieurs arr\u00eats de lecture en commun.<br>Nous avons partag\u00e9 un bon gouter dans la salle Maria Pacis avant de rejoindre la<br>basilique \u00e0 17h pour vivre la d\u00e9marche de l\u2019ann\u00e9e jubilaire qui est propos\u00e9e aux p\u00e8lerins.<br>A 18h nous avons assist\u00e9 \u00e0 la messe pr\u00e9vue par l\u2019Unit\u00e9 Pastorale dans le cadre des 24h<br>pour Dieu.<br>Plusieurs t\u00e9moignages nous sont parvenus de personnes qui ont beaucoup appr\u00e9ci\u00e9 ce<br>moment.<\/p>\n\n\n\n<figure class=\"wp-block-image size-large\"><img loading=\"lazy\" decoding=\"async\" width=\"724\" height=\"1024\" src=\"https:\/\/upwavre.be\/up\/wp-content\/uploads\/2025\/02\/Affiche-30-mars-724x1024.jpg\" alt=\"\" class=\"wp-image-2320\" srcset=\"https:\/\/upwavre.be\/up\/wp-content\/uploads\/2025\/02\/Affiche-30-mars-724x1024.jpg 724w, https:\/\/upwavre.be\/up\/wp-content\/uploads\/2025\/02\/Affiche-30-mars-212x300.jpg 212w, https:\/\/upwavre.be\/up\/wp-content\/uploads\/2025\/02\/Affiche-30-mars-768x1086.jpg 768w, https:\/\/upwavre.be\/up\/wp-content\/uploads\/2025\/02\/Affiche-30-mars-1086x1536.jpg 1086w, https:\/\/upwavre.be\/up\/wp-content\/uploads\/2025\/02\/Affiche-30-mars-716x1013.jpg 716w, https:\/\/upwavre.be\/up\/wp-content\/uploads\/2025\/02\/Affiche-30-mars-820x1160.jpg 820w, https:\/\/upwavre.be\/up\/wp-content\/uploads\/2025\/02\/Affiche-30-mars.jpg 1414w\" sizes=\"auto, (max-width: 724px) 100vw, 724px\" \/><\/figure>\n","protected":false},"excerpt":{"rendered":"<p>Dimanche 30 mars 2025, un jour de f\u00eate pour notre Unit\u00e9 pastorale ! <\/p>\n","protected":false},"author":1,"featured_media":2318,"comment_status":"open","ping_status":"open","sticky":false,"template":"","format":"standard","meta":{"_exactmetrics_skip_tracking":false,"_exactmetrics_sitenote_active":false,"_exactmetrics_sitenote_note":"","_exactmetrics_sitenote_category":0,"footnotes":""},"categories":[144,135,140],"tags":[171,170,163,172],"class_list":["post-2316","post","type-post","status-publish","format-standard","has-post-thumbnail","hentry","category-conseil-up","category-paroisses","category-pole-familles","tag-basse-wavre","tag-jubile-2025","tag-marche","tag-pelerinage-2"],"_links":{"self":[{"href":"https:\/\/upwavre.be\/up\/wp-json\/wp\/v2\/posts\/2316","targetHints":{"allow":["GET"]}}],"collection":[{"href":"https:\/\/upwavre.be\/up\/wp-json\/wp\/v2\/posts"}],"about":[{"href":"https:\/\/upwavre.be\/up\/wp-json\/wp\/v2\/types\/post"}],"author":[{"embeddable":true,"href":"https:\/\/upwavre.be\/up\/wp-json\/wp\/v2\/users\/1"}],"replies":[{"embeddable":true,"href":"https:\/\/upwavre.be\/up\/wp-json\/wp\/v2\/comments?post=2316"}],"version-history":[{"count":7,"href":"https:\/\/upwavre.be\/up\/wp-json\/wp\/v2\/posts\/2316\/revisions"}],"predecessor-version":[{"id":2402,"href":"https:\/\/upwavre.be\/up\/wp-json\/wp\/v2\/posts\/2316\/revisions\/2402"}],"wp:featuredmedia":[{"embeddable":true,"href":"https:\/\/upwavre.be\/up\/wp-json\/wp\/v2\/media\/2318"}],"wp:attachment":[{"href":"https:\/\/upwavre.be\/up\/wp-json\/wp\/v2\/media?parent=2316"}],"wp:term":[{"taxonomy":"category","embeddable":true,"href":"https:\/\/upwavre.be\/up\/wp-json\/wp\/v2\/categories?post=2316"},{"taxonomy":"post_tag","embeddable":true,"href":"https:\/\/upwavre.be\/up\/wp-json\/wp\/v2\/tags?post=2316"}],"curies":[{"name":"wp","href":"https:\/\/api.w.org\/{rel}","templated":true}]}}