{"id":2389,"date":"2025-05-27T08:01:34","date_gmt":"2025-05-27T06:01:34","guid":{"rendered":"https:\/\/upwavre.be\/up\/?p=2389"},"modified":"2025-05-27T08:01:34","modified_gmt":"2025-05-27T06:01:34","slug":"un-moment-de-partage-convivial","status":"publish","type":"post","link":"https:\/\/upwavre.be\/up\/2025\/05\/27\/un-moment-de-partage-convivial\/","title":{"rendered":"Un moment de partage  convivial\u00a0:"},"content":{"rendered":"\n<p>Le P\u00f4le Sant\u00e9 a l\u2019honneur de vous convier \u00e0 un moment de convivialit\u00e9 et de partage qui se d\u00e9roulera prochainement au sein de la paroisse Saint Jean Baptiste de Wavre, le jeudi 19 juin \u00e0 17h30. Cette rencontre constituera une occasion privil\u00e9gi\u00e9e pour renforcer nos liens et c\u00e9l\u00e9brer ensemble les b\u00e9n\u00e9dictions de l&#8217;ann\u00e9e \u00e9coul\u00e9e.<\/p>\n\n\n\n<p>Voici le programme de notre assembl\u00e9e :<\/p>\n\n\n\n<ul class=\"wp-block-list\">\n<li>Temps de Pri\u00e8re d\u2019Action de Gr\u00e2ce : Nous commencerons par un moment de recueillement, afin d&#8217;exprimer notre gratitude pour l&#8217;ann\u00e9e qui s&#8217;ach\u00e8ve.<\/li>\n\n\n\n<li>Partage de Nos Exp\u00e9riences : Nous consacrerons quelques instants \u00e0 \u00e9changer sur nos v\u00e9cus et nos missions au sein de l&#8217;Unit\u00e9 pastorale.<\/li>\n\n\n\n<li>Repas Auberge Espagnole : Nous vous invitons \u00e0 apporter un mets \u00e0 partager avec l&#8217;ensemble des participants, pour profiter d&#8217;un repas \u00e0 la fois chaleureux et vari\u00e9.<\/li>\n<\/ul>\n\n\n\n<p>Afin d&#8217;assurer une organisation optimale, nous vous prions de bien vouloir confirmer votre pr\u00e9sence. Vous pouvez contacter Esp\u00e9rance au num\u00e9ro 0455 100 769 ou par courriel \u00e0 l&#8217;adresse suivante : e.hakizimana@catho.be.<\/p>\n\n\n\n<p>Votre pr\u00e9sence \u00e0 cette rencontre fraternelle, nous comblera de joie.<\/p>\n","protected":false},"excerpt":{"rendered":"<p>Le P\u00f4le Sant\u00e9 a l\u2019honneur de vous convier \u00e0 un moment de convivialit\u00e9 et de partage qui se d\u00e9roulera prochainement au sein de la paroisse Saint Jean Baptiste de Wavre, [&hellip;]<\/p>\n","protected":false},"author":4,"featured_media":2390,"comment_status":"open","ping_status":"open","sticky":false,"template":"","format":"standard","meta":{"_exactmetrics_skip_tracking":false,"_exactmetrics_sitenote_active":false,"_exactmetrics_sitenote_note":"","_exactmetrics_sitenote_category":0,"footnotes":""},"categories":[135,10],"tags":[],"class_list":["post-2389","post","type-post","status-publish","format-standard","has-post-thumbnail","hentry","category-paroisses","category-pole-sante"],"_links":{"self":[{"href":"https:\/\/upwavre.be\/up\/wp-json\/wp\/v2\/posts\/2389","targetHints":{"allow":["GET"]}}],"collection":[{"href":"https:\/\/upwavre.be\/up\/wp-json\/wp\/v2\/posts"}],"about":[{"href":"https:\/\/upwavre.be\/up\/wp-json\/wp\/v2\/types\/post"}],"author":[{"embeddable":true,"href":"https:\/\/upwavre.be\/up\/wp-json\/wp\/v2\/users\/4"}],"replies":[{"embeddable":true,"href":"https:\/\/upwavre.be\/up\/wp-json\/wp\/v2\/comments?post=2389"}],"version-history":[{"count":1,"href":"https:\/\/upwavre.be\/up\/wp-json\/wp\/v2\/posts\/2389\/revisions"}],"predecessor-version":[{"id":2391,"href":"https:\/\/upwavre.be\/up\/wp-json\/wp\/v2\/posts\/2389\/revisions\/2391"}],"wp:featuredmedia":[{"embeddable":true,"href":"https:\/\/upwavre.be\/up\/wp-json\/wp\/v2\/media\/2390"}],"wp:attachment":[{"href":"https:\/\/upwavre.be\/up\/wp-json\/wp\/v2\/media?parent=2389"}],"wp:term":[{"taxonomy":"category","embeddable":true,"href":"https:\/\/upwavre.be\/up\/wp-json\/wp\/v2\/categories?post=2389"},{"taxonomy":"post_tag","embeddable":true,"href":"https:\/\/upwavre.be\/up\/wp-json\/wp\/v2\/tags?post=2389"}],"curies":[{"name":"wp","href":"https:\/\/api.w.org\/{rel}","templated":true}]}}