{"id":2423,"date":"2025-07-15T07:41:10","date_gmt":"2025-07-15T05:41:10","guid":{"rendered":"https:\/\/upwavre.be\/up\/?p=2423"},"modified":"2025-07-15T07:41:10","modified_gmt":"2025-07-15T05:41:10","slug":"au-coeur-de-lete-partageons-lesperance-avec-nos-aines","status":"publish","type":"post","link":"https:\/\/upwavre.be\/up\/2025\/07\/15\/au-coeur-de-lete-partageons-lesperance-avec-nos-aines\/","title":{"rendered":"Au c\u0153ur de l\u2019\u00e9t\u00e9, partageons l\u2019Esp\u00e9rance avec nos a\u00een\u00e9s"},"content":{"rendered":"\n<p>Heureux celui qui n\u2019a pas perdu l\u2019espoir \u00bb : tel est le th\u00e8me choisi par le pape Fran\u00e7ois<br>pour la 5\u00e8me Journ\u00e9e mondiale des grands-parents et des personnes \u00e2g\u00e9es,<br>c\u00e9l\u00e9br\u00e9e autour du 26 juillet,<br>\u00e0 l\u2019occasion de la f\u00eate des saints Joachim et Anne, grands-parents de J\u00e9sus.<br>Cette Journ\u00e9e se veut un moment privil\u00e9gi\u00e9 pour r\u00e9fl\u00e9chir<br>\u00e0 la mani\u00e8re dont la pr\u00e9sence des grands-parents et des personnes \u00e2g\u00e9es<br>peut \u00eatre un v\u00e9ritable signe d\u2019esp\u00e9rance au sein de chaque famille et de toute communaut\u00e9 eccl\u00e9siale&#8221;<\/p>\n\n\n\n<figure class=\"wp-block-image size-large\"><img loading=\"lazy\" decoding=\"async\" width=\"1024\" height=\"911\" src=\"https:\/\/upwavre.be\/up\/wp-content\/uploads\/2025\/07\/dans-le-texte-1024x911.jpg\" alt=\"\" class=\"wp-image-2425\" srcset=\"https:\/\/upwavre.be\/up\/wp-content\/uploads\/2025\/07\/dans-le-texte-1024x911.jpg 1024w, https:\/\/upwavre.be\/up\/wp-content\/uploads\/2025\/07\/dans-le-texte-300x267.jpg 300w, https:\/\/upwavre.be\/up\/wp-content\/uploads\/2025\/07\/dans-le-texte-768x684.jpg 768w, https:\/\/upwavre.be\/up\/wp-content\/uploads\/2025\/07\/dans-le-texte-1536x1367.jpg 1536w, https:\/\/upwavre.be\/up\/wp-content\/uploads\/2025\/07\/dans-le-texte-716x637.jpg 716w, https:\/\/upwavre.be\/up\/wp-content\/uploads\/2025\/07\/dans-le-texte-820x730.jpg 820w, https:\/\/upwavre.be\/up\/wp-content\/uploads\/2025\/07\/dans-le-texte.jpg 1600w\" sizes=\"auto, (max-width: 1024px) 100vw, 1024px\" \/><\/figure>\n\n\n\n<p>L\u2019\u00e9quipe des visiteurs invite tous<br>les a\u00een\u00e9.e.s, grands-parents ou non, de<br>notre paroisse de Limal et de toutes les<br>paroisses de l\u2019U.P. de Wavre \u00e0 une<br>Eucharistie sp\u00e9cialement pour eux, le<br>vendredi 25 juillet \u00e0 15 h<br>\u00e0 l\u2019\u00e9glise St Martin de Limal.<br>Elle se prolongera par un joyeux go\u00fbter \u00e0 la<br>Salle \u00ab Espace Rencontre \u00bb<br>C\u2019est l\u2019occasion de se retrouver au milieu des vacances, au milieu de l\u2019\u00e9t\u00e9 qui<br>est pour certains un temps de solitude plus lourd que d\u2019habitude.<br>N\u2019h\u00e9sitez donc pas \u00e0 en parler \u00e0 tous les a\u00een\u00e9s autour de vous, ils sont les<br>bienvenus.<br>Pour faciliter l\u2019organisation, merci de vous inscrire soit sur l\u2019affiche qui<br>sera au fond de l\u2019\u00e9glise, soit par t\u00e9l\u00e9phone \u00e0 Monique van Loqueren 010\/61.75.26<br>Au grand plaisir de nous y rencontrer,<br>L\u2019\u00e9quipe des visiteurs<\/p>\n","protected":false},"excerpt":{"rendered":"<p>Heureux celui qui n\u2019a pas perdu l\u2019espoir \u00bb : tel est le th\u00e8me choisi par le pape Fran\u00e7oispour la 5\u00e8me Journ\u00e9e mondiale des grands-parents et des personnes \u00e2g\u00e9es,c\u00e9l\u00e9br\u00e9e autour du [&hellip;]<\/p>\n","protected":false},"author":4,"featured_media":2424,"comment_status":"open","ping_status":"open","sticky":false,"template":"","format":"standard","meta":{"_exactmetrics_skip_tracking":false,"_exactmetrics_sitenote_active":false,"_exactmetrics_sitenote_note":"","_exactmetrics_sitenote_category":0,"footnotes":""},"categories":[135,10],"tags":[],"class_list":["post-2423","post","type-post","status-publish","format-standard","has-post-thumbnail","hentry","category-paroisses","category-pole-sante"],"_links":{"self":[{"href":"https:\/\/upwavre.be\/up\/wp-json\/wp\/v2\/posts\/2423","targetHints":{"allow":["GET"]}}],"collection":[{"href":"https:\/\/upwavre.be\/up\/wp-json\/wp\/v2\/posts"}],"about":[{"href":"https:\/\/upwavre.be\/up\/wp-json\/wp\/v2\/types\/post"}],"author":[{"embeddable":true,"href":"https:\/\/upwavre.be\/up\/wp-json\/wp\/v2\/users\/4"}],"replies":[{"embeddable":true,"href":"https:\/\/upwavre.be\/up\/wp-json\/wp\/v2\/comments?post=2423"}],"version-history":[{"count":1,"href":"https:\/\/upwavre.be\/up\/wp-json\/wp\/v2\/posts\/2423\/revisions"}],"predecessor-version":[{"id":2426,"href":"https:\/\/upwavre.be\/up\/wp-json\/wp\/v2\/posts\/2423\/revisions\/2426"}],"wp:featuredmedia":[{"embeddable":true,"href":"https:\/\/upwavre.be\/up\/wp-json\/wp\/v2\/media\/2424"}],"wp:attachment":[{"href":"https:\/\/upwavre.be\/up\/wp-json\/wp\/v2\/media?parent=2423"}],"wp:term":[{"taxonomy":"category","embeddable":true,"href":"https:\/\/upwavre.be\/up\/wp-json\/wp\/v2\/categories?post=2423"},{"taxonomy":"post_tag","embeddable":true,"href":"https:\/\/upwavre.be\/up\/wp-json\/wp\/v2\/tags?post=2423"}],"curies":[{"name":"wp","href":"https:\/\/api.w.org\/{rel}","templated":true}]}}