{"id":2617,"date":"2026-03-06T11:18:16","date_gmt":"2026-03-06T10:18:16","guid":{"rendered":"https:\/\/upwavre.be\/up\/?p=2617"},"modified":"2026-03-06T11:18:42","modified_gmt":"2026-03-06T10:18:42","slug":"we-jeunes-oratoire-11-15-a-tiberiade","status":"publish","type":"post","link":"https:\/\/upwavre.be\/up\/2026\/03\/06\/we-jeunes-oratoire-11-15-a-tiberiade\/","title":{"rendered":"WE Jeunes oratoire 11-15 \u00e0 Tib\u00e9riade"},"content":{"rendered":"\n<p><\/p>\n\n\n\n<p>D\u00e9part pr\u00e9vu vers 17h30 le vendredi \u00e0 Wavre et retour vers 18h30 le dimanche.<\/p>\n\n\n\n<p>Adresse : Ferme Saint Fran\u00e7ois, rue de l\u2019Ermitage, 20 \u00e0 5574 Pondr\u00f4me (pr\u00e8s de Beauraing).<\/p>\n\n\n\n<p>Nous animerons nous-m\u00eames du vendredi au samedi soir et le dimanche une journ\u00e9e de cat\u00e9ch\u00e8se est organis\u00e9e par la communaut\u00e9 locale.<\/p>\n\n\n\n<p>Nous aurons des temps de partage, une grande balade, des temps de jeux, des moments de pri\u00e8re, de silence, de t\u00e9moignages\u2026<\/p>\n\n\n\n<p>Nous aimerions savoir quels jeunes sont int\u00e9ress\u00e9s par cette proposition d\u00e8s que possible.<\/p>\n\n\n\n<p>Les frais s\u2019\u00e9l\u00e8veront autour de 50\u20ac pour tout le WE.<br>Il est possible de venir en partie : contactez Georges Bouchez 0476\/60.27.80<\/p>\n\n\n\n<p>Merci de r\u00e9pondre en r\u00e9pondant sur WhatsApp ou par mail \u00e0 georges.bouchez@gmail.com<br>L\u2019inscription se fait en allant sur le site de l\u2019Unit\u00e9 Pastorale \u00e0 la page du p\u00f4le jeunes.<br>Pour s inscrire au WE merci d utiliser ce lien :<\/p>\n\n\n\n<p><a href=\"https:\/\/docs.google.com\/forms\/d\/e\/1FAIpQLSdlslXvS5XIHzJi156U7Qf9zccV8iK9jZ6kobldl4meqga-kw\/viewform?usp=publish-editor\">https:\/\/docs.google.com\/forms\/d\/e\/1FAIpQLSdlslXvS5XIHzJi156U7Qf9zccV8iK9jZ6kobldl4meqga-kw\/viewform?usp=publish-editor<\/a><\/p>\n\n\n\n<p>Merci de r\u00e9pondre avant le 20 mars car nous allons pr\u00e9parer les d\u00e9tails en fonction du nombre.<br>Pour l instant William Mager s&#8217;est propos\u00e9 pour aider et venir le vendredi soir pour retourner le samedi pm. Virginie Gourdin viendra aussi \u00e0 une partie du WE.<br>Isaline et Elo\u00efse peuvent aussi venir le vendredi soir et repartir avec William le samedi apr\u00e8s-midi.<\/p>\n\n\n\n<p>Si vous d\u00e9sirez plus d\u2019informations, vous pouvez appeler Georges Bouchez au 0476\/60.27.80<\/p>\n\n\n\n<p>Nous vous assurons de notre entier d\u00e9vouement pour vos jeunes.<\/p>\n\n\n\n<p>Les animateurs de l\u2019Oratoire 11-15 de Wavre<\/p>\n\n\n\n<p>Jodie, Bernard, Divine et Georges<\/p>\n","protected":false},"excerpt":{"rendered":"<p>Cette ann\u00e9e, pour les jeunes de l\u2019oratoire 11-15 de Wavre, nous avons programm\u00e9 un week-end qui aura lieu chez les s\u0153urs de Tib\u00e9riade du vendredi 17 au dimanche 19 avril 2026.<\/p>\n","protected":false},"author":3,"featured_media":2619,"comment_status":"open","ping_status":"open","sticky":false,"template":"","format":"standard","meta":{"_exactmetrics_skip_tracking":false,"_exactmetrics_sitenote_active":false,"_exactmetrics_sitenote_note":"","_exactmetrics_sitenote_category":0,"footnotes":""},"categories":[11],"tags":[165,154,141,143],"class_list":["post-2617","post","type-post","status-publish","format-standard","has-post-thumbnail","hentry","category-pole-jeunes","tag-convivialite","tag-fraternite","tag-jeunes","tag-rencontre"],"_links":{"self":[{"href":"https:\/\/upwavre.be\/up\/wp-json\/wp\/v2\/posts\/2617","targetHints":{"allow":["GET"]}}],"collection":[{"href":"https:\/\/upwavre.be\/up\/wp-json\/wp\/v2\/posts"}],"about":[{"href":"https:\/\/upwavre.be\/up\/wp-json\/wp\/v2\/types\/post"}],"author":[{"embeddable":true,"href":"https:\/\/upwavre.be\/up\/wp-json\/wp\/v2\/users\/3"}],"replies":[{"embeddable":true,"href":"https:\/\/upwavre.be\/up\/wp-json\/wp\/v2\/comments?post=2617"}],"version-history":[{"count":2,"href":"https:\/\/upwavre.be\/up\/wp-json\/wp\/v2\/posts\/2617\/revisions"}],"predecessor-version":[{"id":2620,"href":"https:\/\/upwavre.be\/up\/wp-json\/wp\/v2\/posts\/2617\/revisions\/2620"}],"wp:featuredmedia":[{"embeddable":true,"href":"https:\/\/upwavre.be\/up\/wp-json\/wp\/v2\/media\/2619"}],"wp:attachment":[{"href":"https:\/\/upwavre.be\/up\/wp-json\/wp\/v2\/media?parent=2617"}],"wp:term":[{"taxonomy":"category","embeddable":true,"href":"https:\/\/upwavre.be\/up\/wp-json\/wp\/v2\/categories?post=2617"},{"taxonomy":"post_tag","embeddable":true,"href":"https:\/\/upwavre.be\/up\/wp-json\/wp\/v2\/tags?post=2617"}],"curies":[{"name":"wp","href":"https:\/\/api.w.org\/{rel}","templated":true}]}}